{"id":38,"date":"2009-10-01T16:09:13","date_gmt":"2009-10-01T14:09:13","guid":{"rendered":"http:\/\/saker.pd-drava.hr\/?p=38"},"modified":"2009-10-06T15:10:21","modified_gmt":"2009-10-06T13:10:21","slug":"38","status":"publish","type":"post","link":"https:\/\/saker.pd-drava.hr\/?p=38","title":{"rendered":""},"content":{"rendered":"<p style=\"text-align: justify;\">Stepski sokoli kod nas po\u010dinju s gnije\u017e\u0111enjem u o\u017eujku, a mladi napu\u0161taju teritorij krajem lipnja. \u017denka naj\u010de\u0161\u0107e izle\u017ee 3-5 jaja na kojima sjede obje ptice 28-30 dana. Mladi sokoli napu\u0161taju gnijezdo sa 40-45 dana starosti, a nakon sljede\u0107ih 30-45 dana postaju neovisni i napu\u0161taju teritorij.<\/p>\n<p style=\"text-align: center;\"><img loading=\"lazy\" decoding=\"async\" class=\"alignnone size-full wp-image-37\" src=\"https:\/\/saker.pd-drava.hr\/wp-content\/uploads\/2009\/10\/s4.jpg\" alt=\"\" width=\"470\" height=\"319\" srcset=\"https:\/\/saker.pd-drava.hr\/wp-content\/uploads\/2009\/10\/s4.jpg 470w, https:\/\/saker.pd-drava.hr\/wp-content\/uploads\/2009\/10\/s4-300x203.jpg 300w\" sizes=\"(max-width: 470px) 100vw, 470px\" \/><\/p>\n<p style=\"text-align: justify;\">2009. godine, dva para stepskih sokola gnijezdila su na stupovima dalekovoda unutar granica RH. Ukupno je izle\u017eeno 5 malih sokola, a aktivnost gnije\u017e\u0111enja i odrastanja mladih sokola pra\u0107ena je s tla, te nije bilo mogu\u0107e to\u010dno utvrditi stanje u gnijezdu. U nastojanju da do\u0111emo do \u0161to boljih rezultata zatra\u017eili smo pomo\u0107 od HEP-a koji nam je pru\u017eio svu potrebnu tehni\u010dku pomo\u0107. Uz pono\u0107 HEP-a prvi put nam je omogu\u0107eno da do\u0111emo na gnijezdo, prstenujemo mlade sokole, uzmemo materijal za DNA analizu, i prikupimo podatke o plijenu. Materijal koji smo prikupili od iznimnog je zna\u010daja za bolje poznavanje ove vrste.<\/p>\n<p style=\"text-align: center;\"><span style=\"color: #c0c0c0;\">7\/12<\/span><\/p>\n<p style=\"text-align: center;\"><a href=\"https:\/\/saker.pd-drava.hr\/?p=32\"><img loading=\"lazy\" decoding=\"async\" class=\"alignnone size-full wp-image-71\" title=\"Prethodna stranica\" src=\"https:\/\/saker.pd-drava.hr\/wp-content\/uploads\/2009\/10\/prev.gif\" alt=\"Prethodna stranica\" width=\"18\" height=\"18\" \/><\/a> &#8230; <a href=\"https:\/\/saker.pd-drava.hr\/?p=6\"><img loading=\"lazy\" decoding=\"async\" class=\"alignnone size-full wp-image-58\" src=\"https:\/\/saker.pd-drava.hr\/wp-content\/uploads\/2009\/09\/no1.gif\" alt=\"\" width=\"18\" height=\"18\" \/><\/a> <a href=\"https:\/\/saker.pd-drava.hr\/?p=16\"><img loading=\"lazy\" decoding=\"async\" class=\"alignnone size-full wp-image-59\" src=\"https:\/\/saker.pd-drava.hr\/wp-content\/uploads\/2009\/09\/no2.gif\" alt=\"\" width=\"18\" height=\"18\" \/><\/a> <a href=\"https:\/\/saker.pd-drava.hr\/?p=22\"><img loading=\"lazy\" decoding=\"async\" class=\"alignnone size-full wp-image-60\" title=\"no3\" src=\"https:\/\/saker.pd-drava.hr\/wp-content\/uploads\/2009\/09\/no3.gif\" alt=\"no3\" width=\"18\" height=\"18\" \/><\/a> <a href=\"https:\/\/saker.pd-drava.hr\/?p=25\"><img loading=\"lazy\" decoding=\"async\" class=\"alignnone size-full wp-image-61\" src=\"https:\/\/saker.pd-drava.hr\/wp-content\/uploads\/2009\/09\/no4.gif\" alt=\"\" width=\"18\" height=\"18\" \/><\/a> <a href=\"https:\/\/saker.pd-drava.hr\/?p=29\"><img loading=\"lazy\" decoding=\"async\" class=\"alignnone size-full wp-image-62\" src=\"https:\/\/saker.pd-drava.hr\/wp-content\/uploads\/2009\/09\/no5.gif\" alt=\"\" width=\"18\" height=\"18\" \/><\/a> <a href=\"https:\/\/saker.pd-drava.hr\/?p=32\"><img loading=\"lazy\" decoding=\"async\" class=\"alignnone size-full wp-image-63\" src=\"https:\/\/saker.pd-drava.hr\/wp-content\/uploads\/2009\/09\/no6.gif\" alt=\"\" width=\"18\" height=\"18\" \/><\/a> <a href=\"https:\/\/saker.pd-drava.hr\/?p=38\"><img loading=\"lazy\" decoding=\"async\" class=\"alignnone size-full wp-image-64\" src=\"https:\/\/saker.pd-drava.hr\/wp-content\/uploads\/2009\/09\/no7.gif\" alt=\"\" width=\"18\" height=\"18\" \/><\/a> <a href=\"https:\/\/saker.pd-drava.hr\/?p=40\"><img loading=\"lazy\" decoding=\"async\" class=\"alignnone size-full wp-image-65\" src=\"https:\/\/saker.pd-drava.hr\/wp-content\/uploads\/2009\/09\/no8.gif\" alt=\"\" width=\"18\" height=\"18\" \/><\/a> <a href=\"https:\/\/saker.pd-drava.hr\/?p=44\"><img loading=\"lazy\" decoding=\"async\" class=\"alignnone size-full wp-image-66\" src=\"https:\/\/saker.pd-drava.hr\/wp-content\/uploads\/2009\/09\/no9.gif\" alt=\"\" width=\"18\" height=\"18\" \/><\/a> <a href=\"https:\/\/saker.pd-drava.hr\/?p=48\"><img loading=\"lazy\" decoding=\"async\" class=\"alignnone size-full wp-image-67\" src=\"https:\/\/saker.pd-drava.hr\/wp-content\/uploads\/2009\/09\/no10.gif\" alt=\"\" width=\"18\" height=\"18\" \/><\/a> <a href=\"https:\/\/saker.pd-drava.hr\/?p=50\"><img loading=\"lazy\" decoding=\"async\" class=\"alignnone size-full wp-image-68\" src=\"https:\/\/saker.pd-drava.hr\/wp-content\/uploads\/2009\/09\/no11.gif\" alt=\"\" width=\"18\" height=\"18\" \/><\/a> <a href=\"https:\/\/saker.pd-drava.hr\/?p=54\"><img loading=\"lazy\" decoding=\"async\" class=\"alignnone size-full wp-image-69\" src=\"https:\/\/saker.pd-drava.hr\/wp-content\/uploads\/2009\/09\/no12.gif\" alt=\"\" width=\"18\" height=\"18\" \/><\/a> &#8230; <a href=\"https:\/\/saker.pd-drava.hr\/?p=40\"><img loading=\"lazy\" decoding=\"async\" class=\"alignnone size-full wp-image-70\" title=\"Slijede\u0107a stranica\" src=\"https:\/\/saker.pd-drava.hr\/wp-content\/uploads\/2009\/09\/next1.gif\" alt=\"Slijede\u0107a stranica\" width=\"18\" height=\"18\" \/><\/a><\/p>\n","protected":false},"excerpt":{"rendered":"<p>Stepski sokoli kod nas po\u010dinju s gnije\u017e\u0111enjem u o\u017eujku, a mladi napu\u0161taju teritorij krajem lipnja. \u017denka naj\u010de\u0161\u0107e izle\u017ee 3-5 jaja na kojima sjede obje ptice 28-30 dana. Mladi sokoli napu\u0161taju gnijezdo sa 40-45 dana starosti, a nakon sljede\u0107ih 30-45 dana postaju neovisni i napu\u0161taju teritorij. 2009. godine, dva para stepskih sokola gnijezdila su na stupovima [&hellip;]<\/p>\n","protected":false},"author":2,"featured_media":0,"comment_status":"closed","ping_status":"open","sticky":false,"template":"","format":"standard","meta":{"ngg_post_thumbnail":0,"footnotes":""},"categories":[3],"tags":[],"_links":{"self":[{"href":"https:\/\/saker.pd-drava.hr\/index.php?rest_route=\/wp\/v2\/posts\/38"}],"collection":[{"href":"https:\/\/saker.pd-drava.hr\/index.php?rest_route=\/wp\/v2\/posts"}],"about":[{"href":"https:\/\/saker.pd-drava.hr\/index.php?rest_route=\/wp\/v2\/types\/post"}],"author":[{"embeddable":true,"href":"https:\/\/saker.pd-drava.hr\/index.php?rest_route=\/wp\/v2\/users\/2"}],"replies":[{"embeddable":true,"href":"https:\/\/saker.pd-drava.hr\/index.php?rest_route=%2Fwp%2Fv2%2Fcomments&post=38"}],"version-history":[{"count":0,"href":"https:\/\/saker.pd-drava.hr\/index.php?rest_route=\/wp\/v2\/posts\/38\/revisions"}],"wp:attachment":[{"href":"https:\/\/saker.pd-drava.hr\/index.php?rest_route=%2Fwp%2Fv2%2Fmedia&parent=38"}],"wp:term":[{"taxonomy":"category","embeddable":true,"href":"https:\/\/saker.pd-drava.hr\/index.php?rest_route=%2Fwp%2Fv2%2Fcategories&post=38"},{"taxonomy":"post_tag","embeddable":true,"href":"https:\/\/saker.pd-drava.hr\/index.php?rest_route=%2Fwp%2Fv2%2Ftags&post=38"}],"curies":[{"name":"wp","href":"https:\/\/api.w.org\/{rel}","templated":true}]}}